{"id":250,"date":"2025-11-27T22:29:43","date_gmt":"2025-11-27T21:29:43","guid":{"rendered":"https:\/\/112-info.org\/?p=250"},"modified":"2025-11-27T22:29:43","modified_gmt":"2025-11-27T21:29:43","slug":"seminar-inklusion-feuerwehr-trotz-handicap-der-bezirksjugendfeuerwehr-schwaben","status":"publish","type":"post","link":"http:\/\/112-info.org\/index.php\/2025\/11\/27\/seminar-inklusion-feuerwehr-trotz-handicap-der-bezirksjugendfeuerwehr-schwaben\/","title":{"rendered":"Seminar \u201eInklusion \u2013 Feuerwehr trotz Handicap\u201c der Bezirksjugendfeuerwehr Schwaben"},"content":{"rendered":"\n<figure class=\"wp-block-image size-large\"><img loading=\"lazy\" decoding=\"async\" width=\"1024\" height=\"768\" src=\"http:\/\/112-info.org\/wp-content\/uploads\/2025\/11\/IMG_5909-1024x768.jpeg\" alt=\"\" class=\"wp-image-243\" srcset=\"http:\/\/112-info.org\/wp-content\/uploads\/2025\/11\/IMG_5909-1024x768.jpeg 1024w, http:\/\/112-info.org\/wp-content\/uploads\/2025\/11\/IMG_5909-300x225.jpeg 300w, http:\/\/112-info.org\/wp-content\/uploads\/2025\/11\/IMG_5909-768x576.jpeg 768w, http:\/\/112-info.org\/wp-content\/uploads\/2025\/11\/IMG_5909-1536x1152.jpeg 1536w, http:\/\/112-info.org\/wp-content\/uploads\/2025\/11\/IMG_5909-2048x1536.jpeg 2048w\" sizes=\"auto, (max-width: 767px) 89vw, (max-width: 1000px) 54vw, (max-width: 1071px) 543px, 580px\" \/><\/figure>\n\n\n\n<p>Am 22. November 2025 fand im Feuerwehrger\u00e4tehaus Illertissen das Tagesseminar <strong>\u201eInklusion \u2013 Feuerwehr trotz Handicap\u201c<\/strong>&nbsp;der Bezirksjugendfeuerwehr Schwaben statt. Das Angebot richtete sich an Kinder- und Jugendfeuerwehrwarte aus ganz Schwaben und besch\u00e4ftigte sich intensiv mit der Frage, wie eine moderne Feuerwehr Jugendliche mit Behinderung besser einbeziehen und f\u00f6rdern kann.<br>Das Interesse war dabei so gro\u00df, dass sogar <strong>drei Teilnehmende aus dem angrenzenden Oberbayern<\/strong>&nbsp;den Weg nach Illertissen auf sich nahmen, um an diesem besonderen Seminar teilzunehmen.<\/p>\n\n\n\n<p>Begr\u00fc\u00dft wurden die Teilnehmenden vom stellvertretenden Bezirksjugendwart <strong>Martin Hiller<\/strong>, der die Bedeutung des Themas f\u00fcr die Jugendarbeit in Schwaben unterstrich. Anschlie\u00dfend \u00fcbernahm <strong>Thomas Burghart<\/strong>&nbsp;die Lehrgangsleitung und er\u00f6ffnete das erste Seminar des Tages.<\/p>\n\n\n\n<p><strong>Vormittag: Impulse, Austausch und World Caf\u00e9<\/strong><\/p>\n\n\n\n<p>Im einf\u00fchrenden Vortrag beleuchtete Thomas Burghart Grundlagen der Inklusion, Herausforderungen im Feuerwehralltag und Chancen f\u00fcr eine vielf\u00e4ltigere Jugendarbeit. Danach f\u00fchrte <strong>Nadine S\u00fcssner<\/strong>&nbsp;ihr World Caf\u00e9 durch \u2013 ein interaktives Format, bei dem die Teilnehmenden an verschiedenen Thementischen gemeinsam Ideen, L\u00f6sungsans\u00e4tze und konkrete Ma\u00dfnahmen erarbeiteten. Die Diskussionen zeigten deutlich: Inklusion ist m\u00f6glich, wenn man sie ernst meint und offen angeht.<\/p>\n\n\n\n<p><strong>Nachmittag: Praxisstationen mit Aha-Effekt<\/strong><\/p>\n\n\n\n<p>Der praktische \u00dcbungsteil verlangte den Teilnehmerinnen und Teilnehmern einiges ab \u2013 und genau das war beabsichtigt. An mehreren Stationen sollten typische Aufgaben aus dem Jugendfeuerwehralltag unter realit\u00e4tsnahen Einschr\u00e4nkungen bew\u00e4ltigt werden:<\/p>\n\n\n\n<ul class=\"wp-block-list\">\n<li><strong>Blind oder im Rollstuhl sitzend<\/strong>\u00a0Knoten und Stiche legen<\/li>\n\n\n\n<li>Mit einem <strong>Spreizer blind oder im Rollstuhl<\/strong>\u00a0einen Tennisball bewegen<\/li>\n\n\n\n<li>Als <strong>gemischte Gruppe aus \u201eblind\u201c, \u201etaub\u201c und \u201eim Rollstuhl\u201c<\/strong>\u00a0einen Ball von einer Pylone spritzen<\/li>\n\n\n\n<li><strong>Highlight:<\/strong>\u00a0Der Durchgang durch die Atemschutzstrecke als <em>blinder Feuerwehrmann<\/em>\u00a0\u2013 eine Erfahrung, die viele Teilnehmende nachhaltig beeindruckte<\/li>\n<\/ul>\n\n\n\n<p>Die Reaktionen waren eindeutig: Erst durch das eigene Erleben wurde sp\u00fcrbar, wie sehr kleine Hilfen, klare Kommunikation und Teamarbeit den Unterschied machen.<\/p>\n\n\n\n<p><strong>Dank und Fazit<\/strong><\/p>\n\n\n\n<p>Ein besonderer Dank geht an die <strong>Freiwillige Feuerwehr Illertissen<\/strong>, die das Seminar tatkr\u00e4ftig unterst\u00fctzte und perfekte Rahmenbedingungen geschaffen hat.<br>Ebenso bedanken wir uns herzlich bei der <strong>Offenen Behindertenarbeit G\u00fcnzburg<\/strong>, die uns mit hochwertigem Simulationsmaterial zur Blindheit ausstattete, sowie beim <strong>Sanit\u00e4tshaus H\u00e4ussler aus Ulm<\/strong>&nbsp;f\u00fcr das kostenlose Bereitstellen von Rollst\u00fchlen. Ohne diese Unterst\u00fctzung w\u00e4re der praxisnahe Teil des Seminars nicht in dieser Qualit\u00e4t m\u00f6glich gewesen.<\/p>\n\n\n\n<p>Das Seminar hat gezeigt: Inklusion ist nicht nur machbar \u2013 sie st\u00e4rkt das Teamgef\u00fchl, erweitert den Blick und macht die Jugendfeuerwehr zukunftsf\u00e4hig.&nbsp;<\/p>\n\n\n\n<p>Nach dem praktischen Teil kamen alle Teilnehmenden zur Abschlussbesprechung zusammen. Die R\u00fcckmeldungen waren durchweg positiv: Besonders hervorgehoben wurden die eindrucksvollen Praxiserfahrungen, die offene Atmosph\u00e4re sowie der unmittelbare Transfer in die eigene Jugendarbeit. Zum Abschluss \u00fcberreichte <strong>Martin Hiller<\/strong>&nbsp;die Teilnahmebest\u00e4tigungen und nutzte die Gelegenheit, erneut die zentrale Bedeutung von Inklusion in der Kinder- und Jugendfeuerwehr zu betonen. Sein Appell war klar: Nur wenn wir Barrieren erkennen und abbauen, k\u00f6nnen wir wirklich allen jungen Menschen den Zugang zur Feuerwehr erm\u00f6glichen.&nbsp;<\/p>\n\n\n\n<p>Hinweis: Das Seminar verfolgte ausdr\u00fccklich <strong>nicht<\/strong>&nbsp;das Ziel, Menschen mit Blindheit oder anderen Einschr\u00e4nkungen zu Atemschutzger\u00e4tetr\u00e4gern auszubilden. Die \u00dcbungen sollten vielmehr verdeutlichen, <strong>welche F\u00e4higkeiten dennoch abrufbar sind, wenn ein Sinn ausf\u00e4llt<\/strong>, und wie wichtig angepasste Kommunikation, Teamarbeit und gegenseitige Unterst\u00fctzung in solchen Situationen sind. Zudem waren an den Atemschutzmasken keine Lungenautomaten angeschlossen.<\/p>\n\n\n\n<figure class=\"wp-block-gallery has-nested-images columns-default is-cropped wp-block-gallery-1 is-layout-flex wp-block-gallery-is-layout-flex\">\n<figure class=\"wp-block-image size-large\"><img loading=\"lazy\" decoding=\"async\" width=\"1024\" height=\"768\" data-id=\"237\" src=\"https:\/\/112-info.org\/wp-content\/uploads\/2025\/11\/IMG_5862-1024x768.jpeg\" alt=\"\" class=\"wp-image-237\" srcset=\"http:\/\/112-info.org\/wp-content\/uploads\/2025\/11\/IMG_5862-1024x768.jpeg 1024w, http:\/\/112-info.org\/wp-content\/uploads\/2025\/11\/IMG_5862-300x225.jpeg 300w, http:\/\/112-info.org\/wp-content\/uploads\/2025\/11\/IMG_5862-768x576.jpeg 768w, http:\/\/112-info.org\/wp-content\/uploads\/2025\/11\/IMG_5862-1536x1152.jpeg 1536w, http:\/\/112-info.org\/wp-content\/uploads\/2025\/11\/IMG_5862-2048x1536.jpeg 2048w\" sizes=\"auto, (max-width: 767px) 89vw, (max-width: 1000px) 54vw, (max-width: 1071px) 543px, 580px\" \/><\/figure>\n\n\n\n<figure class=\"wp-block-image size-large\"><img loading=\"lazy\" decoding=\"async\" width=\"1024\" height=\"768\" data-id=\"236\" src=\"https:\/\/112-info.org\/wp-content\/uploads\/2025\/11\/IMG_5853-1024x768.jpeg\" alt=\"\" class=\"wp-image-236\" srcset=\"http:\/\/112-info.org\/wp-content\/uploads\/2025\/11\/IMG_5853-1024x768.jpeg 1024w, http:\/\/112-info.org\/wp-content\/uploads\/2025\/11\/IMG_5853-300x225.jpeg 300w, http:\/\/112-info.org\/wp-content\/uploads\/2025\/11\/IMG_5853-768x576.jpeg 768w, http:\/\/112-info.org\/wp-content\/uploads\/2025\/11\/IMG_5853-1536x1152.jpeg 1536w, http:\/\/112-info.org\/wp-content\/uploads\/2025\/11\/IMG_5853-2048x1536.jpeg 2048w\" sizes=\"auto, (max-width: 767px) 89vw, (max-width: 1000px) 54vw, (max-width: 1071px) 543px, 580px\" \/><\/figure>\n\n\n\n<figure class=\"wp-block-image size-large\"><img loading=\"lazy\" decoding=\"async\" width=\"1024\" height=\"768\" data-id=\"238\" src=\"https:\/\/112-info.org\/wp-content\/uploads\/2025\/11\/IMG_5869-1024x768.jpeg\" alt=\"\" class=\"wp-image-238\" srcset=\"http:\/\/112-info.org\/wp-content\/uploads\/2025\/11\/IMG_5869-1024x768.jpeg 1024w, http:\/\/112-info.org\/wp-content\/uploads\/2025\/11\/IMG_5869-300x225.jpeg 300w, http:\/\/112-info.org\/wp-content\/uploads\/2025\/11\/IMG_5869-768x576.jpeg 768w, http:\/\/112-info.org\/wp-content\/uploads\/2025\/11\/IMG_5869-1536x1152.jpeg 1536w, http:\/\/112-info.org\/wp-content\/uploads\/2025\/11\/IMG_5869-2048x1536.jpeg 2048w\" sizes=\"auto, (max-width: 767px) 89vw, (max-width: 1000px) 54vw, (max-width: 1071px) 543px, 580px\" \/><\/figure>\n\n\n\n<figure class=\"wp-block-image size-large\"><img loading=\"lazy\" decoding=\"async\" width=\"1024\" height=\"768\" data-id=\"239\" src=\"https:\/\/112-info.org\/wp-content\/uploads\/2025\/11\/IMG_5886-1024x768.jpeg\" alt=\"\" class=\"wp-image-239\" srcset=\"http:\/\/112-info.org\/wp-content\/uploads\/2025\/11\/IMG_5886-1024x768.jpeg 1024w, http:\/\/112-info.org\/wp-content\/uploads\/2025\/11\/IMG_5886-300x225.jpeg 300w, http:\/\/112-info.org\/wp-content\/uploads\/2025\/11\/IMG_5886-768x576.jpeg 768w, http:\/\/112-info.org\/wp-content\/uploads\/2025\/11\/IMG_5886-1536x1152.jpeg 1536w, http:\/\/112-info.org\/wp-content\/uploads\/2025\/11\/IMG_5886-2048x1536.jpeg 2048w\" sizes=\"auto, (max-width: 767px) 89vw, (max-width: 1000px) 54vw, (max-width: 1071px) 543px, 580px\" \/><\/figure>\n\n\n\n<figure class=\"wp-block-image size-large\"><img loading=\"lazy\" decoding=\"async\" width=\"1024\" height=\"768\" data-id=\"240\" src=\"https:\/\/112-info.org\/wp-content\/uploads\/2025\/11\/IMG_5900-1024x768.jpeg\" alt=\"\" class=\"wp-image-240\" srcset=\"http:\/\/112-info.org\/wp-content\/uploads\/2025\/11\/IMG_5900-1024x768.jpeg 1024w, http:\/\/112-info.org\/wp-content\/uploads\/2025\/11\/IMG_5900-300x225.jpeg 300w, http:\/\/112-info.org\/wp-content\/uploads\/2025\/11\/IMG_5900-768x576.jpeg 768w, http:\/\/112-info.org\/wp-content\/uploads\/2025\/11\/IMG_5900-1536x1152.jpeg 1536w, http:\/\/112-info.org\/wp-content\/uploads\/2025\/11\/IMG_5900-2048x1536.jpeg 2048w\" sizes=\"auto, (max-width: 767px) 89vw, (max-width: 1000px) 54vw, (max-width: 1071px) 543px, 580px\" \/><\/figure>\n\n\n\n<figure class=\"wp-block-image size-large\"><img loading=\"lazy\" decoding=\"async\" width=\"1024\" height=\"768\" data-id=\"241\" src=\"https:\/\/112-info.org\/wp-content\/uploads\/2025\/11\/IMG_5904-1024x768.jpeg\" alt=\"\" class=\"wp-image-241\" srcset=\"http:\/\/112-info.org\/wp-content\/uploads\/2025\/11\/IMG_5904-1024x768.jpeg 1024w, http:\/\/112-info.org\/wp-content\/uploads\/2025\/11\/IMG_5904-300x225.jpeg 300w, http:\/\/112-info.org\/wp-content\/uploads\/2025\/11\/IMG_5904-768x576.jpeg 768w, http:\/\/112-info.org\/wp-content\/uploads\/2025\/11\/IMG_5904-1536x1152.jpeg 1536w, http:\/\/112-info.org\/wp-content\/uploads\/2025\/11\/IMG_5904-2048x1536.jpeg 2048w\" sizes=\"auto, (max-width: 767px) 89vw, (max-width: 1000px) 54vw, (max-width: 1071px) 543px, 580px\" \/><\/figure>\n\n\n\n<figure class=\"wp-block-image size-large\"><img loading=\"lazy\" decoding=\"async\" width=\"1024\" height=\"768\" data-id=\"244\" src=\"https:\/\/112-info.org\/wp-content\/uploads\/2025\/11\/IMG_5916-1024x768.jpeg\" alt=\"\" class=\"wp-image-244\" srcset=\"http:\/\/112-info.org\/wp-content\/uploads\/2025\/11\/IMG_5916-1024x768.jpeg 1024w, http:\/\/112-info.org\/wp-content\/uploads\/2025\/11\/IMG_5916-300x225.jpeg 300w, http:\/\/112-info.org\/wp-content\/uploads\/2025\/11\/IMG_5916-768x576.jpeg 768w, http:\/\/112-info.org\/wp-content\/uploads\/2025\/11\/IMG_5916-1536x1152.jpeg 1536w, http:\/\/112-info.org\/wp-content\/uploads\/2025\/11\/IMG_5916-2048x1536.jpeg 2048w\" sizes=\"auto, (max-width: 767px) 89vw, (max-width: 1000px) 54vw, (max-width: 1071px) 543px, 580px\" \/><\/figure>\n\n\n\n<figure class=\"wp-block-image size-large\"><img loading=\"lazy\" decoding=\"async\" width=\"1024\" height=\"768\" data-id=\"245\" src=\"https:\/\/112-info.org\/wp-content\/uploads\/2025\/11\/IMG_5922-1024x768.jpeg\" alt=\"\" class=\"wp-image-245\" srcset=\"http:\/\/112-info.org\/wp-content\/uploads\/2025\/11\/IMG_5922-1024x768.jpeg 1024w, http:\/\/112-info.org\/wp-content\/uploads\/2025\/11\/IMG_5922-300x225.jpeg 300w, http:\/\/112-info.org\/wp-content\/uploads\/2025\/11\/IMG_5922-768x576.jpeg 768w, http:\/\/112-info.org\/wp-content\/uploads\/2025\/11\/IMG_5922-1536x1152.jpeg 1536w, http:\/\/112-info.org\/wp-content\/uploads\/2025\/11\/IMG_5922-2048x1536.jpeg 2048w\" sizes=\"auto, (max-width: 767px) 89vw, (max-width: 1000px) 54vw, (max-width: 1071px) 543px, 580px\" \/><\/figure>\n\n\n\n<figure class=\"wp-block-image size-large\"><img loading=\"lazy\" decoding=\"async\" width=\"1024\" height=\"768\" data-id=\"246\" src=\"https:\/\/112-info.org\/wp-content\/uploads\/2025\/11\/IMG_5927-1024x768.jpeg\" alt=\"\" class=\"wp-image-246\" srcset=\"http:\/\/112-info.org\/wp-content\/uploads\/2025\/11\/IMG_5927-1024x768.jpeg 1024w, http:\/\/112-info.org\/wp-content\/uploads\/2025\/11\/IMG_5927-300x225.jpeg 300w, http:\/\/112-info.org\/wp-content\/uploads\/2025\/11\/IMG_5927-768x576.jpeg 768w, http:\/\/112-info.org\/wp-content\/uploads\/2025\/11\/IMG_5927-1536x1152.jpeg 1536w, http:\/\/112-info.org\/wp-content\/uploads\/2025\/11\/IMG_5927-2048x1536.jpeg 2048w\" sizes=\"auto, (max-width: 767px) 89vw, (max-width: 1000px) 54vw, (max-width: 1071px) 543px, 580px\" \/><\/figure>\n\n\n\n<figure class=\"wp-block-image size-large\"><img loading=\"lazy\" decoding=\"async\" width=\"1024\" height=\"768\" data-id=\"247\" src=\"https:\/\/112-info.org\/wp-content\/uploads\/2025\/11\/IMG_5935-1024x768.jpeg\" alt=\"\" class=\"wp-image-247\" srcset=\"http:\/\/112-info.org\/wp-content\/uploads\/2025\/11\/IMG_5935-1024x768.jpeg 1024w, http:\/\/112-info.org\/wp-content\/uploads\/2025\/11\/IMG_5935-300x225.jpeg 300w, http:\/\/112-info.org\/wp-content\/uploads\/2025\/11\/IMG_5935-768x576.jpeg 768w, http:\/\/112-info.org\/wp-content\/uploads\/2025\/11\/IMG_5935-1536x1152.jpeg 1536w, http:\/\/112-info.org\/wp-content\/uploads\/2025\/11\/IMG_5935-2048x1536.jpeg 2048w\" sizes=\"auto, (max-width: 767px) 89vw, (max-width: 1000px) 54vw, (max-width: 1071px) 543px, 580px\" \/><\/figure>\n\n\n\n<figure class=\"wp-block-image size-large\"><img loading=\"lazy\" decoding=\"async\" width=\"1024\" height=\"768\" data-id=\"248\" src=\"https:\/\/112-info.org\/wp-content\/uploads\/2025\/11\/IMG_5938-1024x768.jpeg\" alt=\"\" class=\"wp-image-248\" srcset=\"http:\/\/112-info.org\/wp-content\/uploads\/2025\/11\/IMG_5938-1024x768.jpeg 1024w, http:\/\/112-info.org\/wp-content\/uploads\/2025\/11\/IMG_5938-300x225.jpeg 300w, http:\/\/112-info.org\/wp-content\/uploads\/2025\/11\/IMG_5938-768x576.jpeg 768w, http:\/\/112-info.org\/wp-content\/uploads\/2025\/11\/IMG_5938-1536x1152.jpeg 1536w, http:\/\/112-info.org\/wp-content\/uploads\/2025\/11\/IMG_5938-2048x1536.jpeg 2048w\" sizes=\"auto, (max-width: 767px) 89vw, (max-width: 1000px) 54vw, (max-width: 1071px) 543px, 580px\" \/><\/figure>\n\n\n\n<figure class=\"wp-block-image size-large\"><img loading=\"lazy\" decoding=\"async\" width=\"768\" height=\"1024\" data-id=\"249\" src=\"https:\/\/112-info.org\/wp-content\/uploads\/2025\/11\/IMG_5944-768x1024.jpeg\" alt=\"\" class=\"wp-image-249\" srcset=\"http:\/\/112-info.org\/wp-content\/uploads\/2025\/11\/IMG_5944-768x1024.jpeg 768w, http:\/\/112-info.org\/wp-content\/uploads\/2025\/11\/IMG_5944-225x300.jpeg 225w, http:\/\/112-info.org\/wp-content\/uploads\/2025\/11\/IMG_5944-1152x1536.jpeg 1152w, http:\/\/112-info.org\/wp-content\/uploads\/2025\/11\/IMG_5944-1536x2048.jpeg 1536w, http:\/\/112-info.org\/wp-content\/uploads\/2025\/11\/IMG_5944-scaled.jpeg 1920w\" sizes=\"auto, (max-width: 767px) 89vw, (max-width: 1000px) 54vw, (max-width: 1071px) 543px, 580px\" \/><\/figure>\n<\/figure>\n","protected":false},"excerpt":{"rendered":"<p>Am 22. November 2025 fand im Feuerwehrger\u00e4tehaus Illertissen das Tagesseminar \u201eInklusion \u2013 Feuerwehr trotz Handicap\u201c&nbsp;der Bezirksjugendfeuerwehr Schwaben statt. Das Angebot richtete sich an Kinder- und Jugendfeuerwehrwarte aus ganz Schwaben und besch\u00e4ftigte sich intensiv mit der Frage, wie eine moderne Feuerwehr Jugendliche mit Behinderung besser einbeziehen und f\u00f6rdern kann.Das Interesse war dabei so gro\u00df, dass sogar &hellip; <\/p>\n<p class=\"link-more\"><a href=\"http:\/\/112-info.org\/index.php\/2025\/11\/27\/seminar-inklusion-feuerwehr-trotz-handicap-der-bezirksjugendfeuerwehr-schwaben\/\" class=\"more-link\"><span class=\"screen-reader-text\">\u201eSeminar \u201eInklusion \u2013 Feuerwehr trotz Handicap\u201c der Bezirksjugendfeuerwehr Schwaben\u201c<\/span> weiterlesen<\/a><\/p>\n","protected":false},"author":1,"featured_media":0,"comment_status":"closed","ping_status":"closed","sticky":false,"template":"","format":"standard","meta":{"footnotes":""},"categories":[1],"tags":[],"class_list":["post-250","post","type-post","status-publish","format-standard","hentry","category-allgemein"],"_links":{"self":[{"href":"http:\/\/112-info.org\/index.php\/wp-json\/wp\/v2\/posts\/250","targetHints":{"allow":["GET"]}}],"collection":[{"href":"http:\/\/112-info.org\/index.php\/wp-json\/wp\/v2\/posts"}],"about":[{"href":"http:\/\/112-info.org\/index.php\/wp-json\/wp\/v2\/types\/post"}],"author":[{"embeddable":true,"href":"http:\/\/112-info.org\/index.php\/wp-json\/wp\/v2\/users\/1"}],"replies":[{"embeddable":true,"href":"http:\/\/112-info.org\/index.php\/wp-json\/wp\/v2\/comments?post=250"}],"version-history":[{"count":1,"href":"http:\/\/112-info.org\/index.php\/wp-json\/wp\/v2\/posts\/250\/revisions"}],"predecessor-version":[{"id":251,"href":"http:\/\/112-info.org\/index.php\/wp-json\/wp\/v2\/posts\/250\/revisions\/251"}],"wp:attachment":[{"href":"http:\/\/112-info.org\/index.php\/wp-json\/wp\/v2\/media?parent=250"}],"wp:term":[{"taxonomy":"category","embeddable":true,"href":"http:\/\/112-info.org\/index.php\/wp-json\/wp\/v2\/categories?post=250"},{"taxonomy":"post_tag","embeddable":true,"href":"http:\/\/112-info.org\/index.php\/wp-json\/wp\/v2\/tags?post=250"}],"curies":[{"name":"wp","href":"https:\/\/api.w.org\/{rel}","templated":true}]}}